{"id":31642,"date":"2020-10-14T14:22:53","date_gmt":"2020-10-14T13:22:53","guid":{"rendered":"https:\/\/novigrad.hr\/novita-sulla-tariffazione-dei-parcheggi\/"},"modified":"2022-04-26T13:16:57","modified_gmt":"2022-04-26T12:16:57","slug":"novita-sulla-tariffazione-dei-parcheggi","status":"publish","type":"post","link":"https:\/\/novigrad.hr\/it\/novita-sulla-tariffazione-dei-parcheggi\/","title":{"rendered":"Novit\u00e0 sulla tariffazione dei parcheggi"},"content":{"rendered":"<p>Dal 15 ottobre entreranno in vigore diverse novit\u00e0 e modifiche alla tariffa del parcheggio nel territorio di Cittanova.<\/p>\n<p>Una delle novit\u00e0 pi\u00f9 importanti \u00e8 che il parcheggio verr\u00e0 addebitato durante tutto l&#8217;anno nelle zone di parcheggio &#8220;0&#8221;, &#8220;1&#8221; e &#8220;2&#8221;. Nel periodo dal 1 aprile al 31 ottobre la sosta in queste zone verr\u00e0 addebitata giornalmente dalle 6 alle 24 ore, mentre nel periodo dal 1 novembre al 31 marzo la sosta nelle prime tre zone verr\u00e0 addebitata dalle 8 alle 18 ore, e domenica e festivi sar\u00e0 gratuito.<\/p>\n<p>Nel periodo dal 1 novembre al 31 marzo, il prezzo di un biglietto orario di parcheggio nella zona zero sar\u00e0 di 5 kune, nella prima zona 4 kune e nella seconda zona 3 kune. Nella terza e quarta zona in quel periodo il parcheggio sar\u00e0 gratuito. In tale periodo sar\u00e0 possibile acquistare un biglietto giornaliero per la seconda zona, al prezzo di 20 kune.<\/p>\n<p>Dal 1 aprile al 31 ottobre, un biglietto per la sosta oraria nella zona zero coster\u00e0 15 kune, nella prima zona 10 kune, nella seconda 8 kune, nella terza 7 kune e nella quarta zona 5 kune. Nel detto periodo, nelle zone 2, 3 e 4, i biglietti giornalieri possono essere acquistati a 50 HRK (Zona 2), 40 HRK (Zona 3) e 30 HRK (Zona 4).<\/p>\n<p>Lo scopo delle novit\u00e0 introdotte &#8211; che \u00e8 stato positivamente commentato dalla Commissione per il traffico della Citt\u00e0 di Novigrad-Cittanova &#8211; \u00e8 un migliore controllo e valorizzazione del parcheggio durante tutto l&#8217;anno. Va sottolineato che le nuove regole non pregiudicano i precedenti diritti della popolazione domiciliare ovvero degli abbonati esistenti per il parcheggio annuale, realizzati in conformit\u00e0 con il Regolamento sull&#8217;organizzazione, la gestione e la tariffazione del parcheggio nella Citt\u00e0 di Novigrad-Cittanova.<\/p>\n<p><a href=\"http:\/\/www.novigrad.hr\/documents\/Parking_Tabela_Zone-razdoblja_naknada-vrijeme_i_cijene_karata_od_15.10.2020..docx\" >QUI<\/a> troverete i dettagli.<\/p>\n","protected":false},"excerpt":{"rendered":"<p>Dal 15 ottobre entreranno in vigore diverse novit\u00e0 e modifiche alla tariffa del parcheggio nel territorio di Cittanova. Una delle novit\u00e0 pi\u00f9 importanti \u00e8 che il parcheggio verr\u00e0 addebitato durante tutto l&#8217;anno nelle zone di parcheggio &#8220;0&#8221;, &#8220;1&#8221; e &#8220;2&#8221;. Nel periodo dal 1 aprile al 31 ottobre la sosta in queste zone verr\u00e0 addebitata [&hellip;]<\/p>\n","protected":false},"author":4,"featured_media":15984,"comment_status":"closed","ping_status":"closed","sticky":false,"template":"","format":"standard","meta":{"footnotes":""},"categories":[85,116],"tags":[],"class_list":["post-31642","post","type-post","status-publish","format-standard","has-post-thumbnail","hentry","category-informazioni-comunali","category-notizie"],"blocksy_meta":{"styles_descriptor":{"styles":{"desktop":"","tablet":"","mobile":""},"google_fonts":[],"version":6}},"yoast_head":"<!-- This site is optimized with the Yoast SEO plugin v27.4 - https:\/\/yoast.com\/product\/yoast-seo-wordpress\/ -->\n<title>Novit\u00e0 sulla tariffazione dei parcheggi &#8211; Grad Novigrad-Cittanova | La Citt\u00e0 di Novigrad-Cittanova<\/title>\n<meta name=\"description\" content=\"Novit\u00e0 sulla tariffazione dei parcheggi \/ Grad Novigrad-Cittanova | La Citt\u00e0 di Novigrad-Cittanova\" \/>\n<meta name=\"robots\" content=\"index, follow, max-snippet:-1, max-image-preview:large, max-video-preview:-1\" \/>\n<link rel=\"canonical\" href=\"https:\/\/novigrad.hr\/it\/novita-sulla-tariffazione-dei-parcheggi\/\" \/>\n<meta property=\"og:locale\" content=\"it_IT\" \/>\n<meta property=\"og:type\" content=\"article\" \/>\n<meta property=\"og:title\" content=\"Novit\u00e0 sulla tariffazione dei parcheggi &#8211; Grad Novigrad-Cittanova | La Citt\u00e0 di Novigrad-Cittanova\" \/>\n<meta property=\"og:description\" content=\"Novit\u00e0 sulla tariffazione dei parcheggi \/ Grad Novigrad-Cittanova | La Citt\u00e0 di Novigrad-Cittanova\" \/>\n<meta property=\"og:url\" content=\"https:\/\/novigrad.hr\/it\/novita-sulla-tariffazione-dei-parcheggi\/\" \/>\n<meta property=\"og:site_name\" content=\"Grad Novigrad-Cittanova | La Citt\u00e0 di Novigrad-Cittanova\" \/>\n<meta property=\"article:published_time\" content=\"2020-10-14T13:22:53+00:00\" \/>\n<meta property=\"article:modified_time\" content=\"2022-04-26T12:16:57+00:00\" \/>\n<meta property=\"og:image\" content=\"https:\/\/novigrad.hr\/media\/2022\/03\/Parking_novosti_2020_Porporela.jpg\" \/>\n\t<meta property=\"og:image:width\" content=\"1399\" \/>\n\t<meta property=\"og:image:height\" content=\"933\" \/>\n\t<meta property=\"og:image:type\" content=\"image\/jpeg\" \/>\n<meta name=\"author\" content=\"Kristijan\" \/>\n<meta name=\"twitter:card\" content=\"summary_large_image\" \/>\n<meta name=\"twitter:label1\" content=\"Scritto da\" \/>\n\t<meta name=\"twitter:data1\" content=\"Kristijan\" \/>\n\t<meta name=\"twitter:label2\" content=\"Tempo di lettura stimato\" \/>\n\t<meta name=\"twitter:data2\" content=\"1 minuto\" \/>\n<script type=\"application\/ld+json\" class=\"yoast-schema-graph\">{\"@context\":\"https:\\\/\\\/schema.org\",\"@graph\":[{\"@type\":\"Article\",\"@id\":\"https:\\\/\\\/novigrad.hr\\\/it\\\/novita-sulla-tariffazione-dei-parcheggi\\\/#article\",\"isPartOf\":{\"@id\":\"https:\\\/\\\/novigrad.hr\\\/it\\\/novita-sulla-tariffazione-dei-parcheggi\\\/\"},\"author\":{\"name\":\"Kristijan\",\"@id\":\"https:\\\/\\\/novigrad.hr\\\/it\\\/#\\\/schema\\\/person\\\/1d7f9a578ff9ee0271cf67753af28ae3\"},\"headline\":\"Novit\u00e0 sulla tariffazione dei parcheggi\",\"datePublished\":\"2020-10-14T13:22:53+00:00\",\"dateModified\":\"2022-04-26T12:16:57+00:00\",\"mainEntityOfPage\":{\"@id\":\"https:\\\/\\\/novigrad.hr\\\/it\\\/novita-sulla-tariffazione-dei-parcheggi\\\/\"},\"wordCount\":266,\"publisher\":{\"@id\":\"https:\\\/\\\/novigrad.hr\\\/it\\\/#organization\"},\"image\":{\"@id\":\"https:\\\/\\\/novigrad.hr\\\/it\\\/novita-sulla-tariffazione-dei-parcheggi\\\/#primaryimage\"},\"thumbnailUrl\":\"https:\\\/\\\/novigrad.hr\\\/media\\\/2022\\\/03\\\/Parking_novosti_2020_Porporela.jpg\",\"articleSection\":[\"Informazioni comunali\",\"Notizie\"],\"inLanguage\":\"it-IT\"},{\"@type\":\"WebPage\",\"@id\":\"https:\\\/\\\/novigrad.hr\\\/it\\\/novita-sulla-tariffazione-dei-parcheggi\\\/\",\"url\":\"https:\\\/\\\/novigrad.hr\\\/it\\\/novita-sulla-tariffazione-dei-parcheggi\\\/\",\"name\":\"Novit\u00e0 sulla tariffazione dei parcheggi &#8211; Grad Novigrad-Cittanova | La Citt\u00e0 di Novigrad-Cittanova\",\"isPartOf\":{\"@id\":\"https:\\\/\\\/novigrad.hr\\\/it\\\/#website\"},\"primaryImageOfPage\":{\"@id\":\"https:\\\/\\\/novigrad.hr\\\/it\\\/novita-sulla-tariffazione-dei-parcheggi\\\/#primaryimage\"},\"image\":{\"@id\":\"https:\\\/\\\/novigrad.hr\\\/it\\\/novita-sulla-tariffazione-dei-parcheggi\\\/#primaryimage\"},\"thumbnailUrl\":\"https:\\\/\\\/novigrad.hr\\\/media\\\/2022\\\/03\\\/Parking_novosti_2020_Porporela.jpg\",\"datePublished\":\"2020-10-14T13:22:53+00:00\",\"dateModified\":\"2022-04-26T12:16:57+00:00\",\"description\":\"Novit\u00e0 sulla tariffazione dei parcheggi \\\/ Grad Novigrad-Cittanova | La Citt\u00e0 di Novigrad-Cittanova\",\"breadcrumb\":{\"@id\":\"https:\\\/\\\/novigrad.hr\\\/it\\\/novita-sulla-tariffazione-dei-parcheggi\\\/#breadcrumb\"},\"inLanguage\":\"it-IT\",\"potentialAction\":[{\"@type\":\"ReadAction\",\"target\":[\"https:\\\/\\\/novigrad.hr\\\/it\\\/novita-sulla-tariffazione-dei-parcheggi\\\/\"]}]},{\"@type\":\"ImageObject\",\"inLanguage\":\"it-IT\",\"@id\":\"https:\\\/\\\/novigrad.hr\\\/it\\\/novita-sulla-tariffazione-dei-parcheggi\\\/#primaryimage\",\"url\":\"https:\\\/\\\/novigrad.hr\\\/media\\\/2022\\\/03\\\/Parking_novosti_2020_Porporela.jpg\",\"contentUrl\":\"https:\\\/\\\/novigrad.hr\\\/media\\\/2022\\\/03\\\/Parking_novosti_2020_Porporela.jpg\",\"width\":1399,\"height\":933},{\"@type\":\"BreadcrumbList\",\"@id\":\"https:\\\/\\\/novigrad.hr\\\/it\\\/novita-sulla-tariffazione-dei-parcheggi\\\/#breadcrumb\",\"itemListElement\":[{\"@type\":\"ListItem\",\"position\":1,\"name\":\"Home\",\"item\":\"https:\\\/\\\/novigrad.hr\\\/it\\\/\"},{\"@type\":\"ListItem\",\"position\":2,\"name\":\"Informazioni comunali\",\"item\":\"https:\\\/\\\/novigrad.hr\\\/it\\\/k\\\/informazioni-comunali\\\/\"},{\"@type\":\"ListItem\",\"position\":3,\"name\":\"Novit\u00e0 sulla tariffazione dei parcheggi\"}]},{\"@type\":\"WebSite\",\"@id\":\"https:\\\/\\\/novigrad.hr\\\/it\\\/#website\",\"url\":\"https:\\\/\\\/novigrad.hr\\\/it\\\/\",\"name\":\"Grad Novigrad-Cittanova | La Citt\u00e0 di Novigrad-Cittanova\",\"description\":\"Slu\u017ebene stranice Grada Novigrad-Cittanova | Sito ufficiale della Citt\u00e0 di Novigrad - Cittanova\",\"publisher\":{\"@id\":\"https:\\\/\\\/novigrad.hr\\\/it\\\/#organization\"},\"alternateName\":\"Grad Novigrad-Cittanova | La Citt\u00e0 di Novigrad-Cittanova\",\"potentialAction\":[{\"@type\":\"SearchAction\",\"target\":{\"@type\":\"EntryPoint\",\"urlTemplate\":\"https:\\\/\\\/novigrad.hr\\\/it\\\/?s={search_term_string}\"},\"query-input\":{\"@type\":\"PropertyValueSpecification\",\"valueRequired\":true,\"valueName\":\"search_term_string\"}}],\"inLanguage\":\"it-IT\"},{\"@type\":\"Organization\",\"@id\":\"https:\\\/\\\/novigrad.hr\\\/it\\\/#organization\",\"name\":\"Grad Novigrad - Cittanova\",\"url\":\"https:\\\/\\\/novigrad.hr\\\/it\\\/\",\"logo\":{\"@type\":\"ImageObject\",\"inLanguage\":\"it-IT\",\"@id\":\"https:\\\/\\\/novigrad.hr\\\/it\\\/#\\\/schema\\\/logo\\\/image\\\/\",\"url\":\"https:\\\/\\\/novigrad.hr\\\/media\\\/2022\\\/03\\\/NG-CN-logo.png\",\"contentUrl\":\"https:\\\/\\\/novigrad.hr\\\/media\\\/2022\\\/03\\\/NG-CN-logo.png\",\"width\":600,\"height\":100,\"caption\":\"Grad Novigrad - Cittanova\"},\"image\":{\"@id\":\"https:\\\/\\\/novigrad.hr\\\/it\\\/#\\\/schema\\\/logo\\\/image\\\/\"}},{\"@type\":\"Person\",\"@id\":\"https:\\\/\\\/novigrad.hr\\\/it\\\/#\\\/schema\\\/person\\\/1d7f9a578ff9ee0271cf67753af28ae3\",\"name\":\"Kristijan\"}]}<\/script>\n<!-- \/ Yoast SEO plugin. -->","yoast_head_json":{"title":"Novit\u00e0 sulla tariffazione dei parcheggi &#8211; Grad Novigrad-Cittanova | La Citt\u00e0 di Novigrad-Cittanova","description":"Novit\u00e0 sulla tariffazione dei parcheggi \/ Grad Novigrad-Cittanova | La Citt\u00e0 di Novigrad-Cittanova","robots":{"index":"index","follow":"follow","max-snippet":"max-snippet:-1","max-image-preview":"max-image-preview:large","max-video-preview":"max-video-preview:-1"},"canonical":"https:\/\/novigrad.hr\/it\/novita-sulla-tariffazione-dei-parcheggi\/","og_locale":"it_IT","og_type":"article","og_title":"Novit\u00e0 sulla tariffazione dei parcheggi &#8211; Grad Novigrad-Cittanova | La Citt\u00e0 di Novigrad-Cittanova","og_description":"Novit\u00e0 sulla tariffazione dei parcheggi \/ Grad Novigrad-Cittanova | La Citt\u00e0 di Novigrad-Cittanova","og_url":"https:\/\/novigrad.hr\/it\/novita-sulla-tariffazione-dei-parcheggi\/","og_site_name":"Grad Novigrad-Cittanova | La Citt\u00e0 di Novigrad-Cittanova","article_published_time":"2020-10-14T13:22:53+00:00","article_modified_time":"2022-04-26T12:16:57+00:00","og_image":[{"width":1399,"height":933,"url":"https:\/\/novigrad.hr\/media\/2022\/03\/Parking_novosti_2020_Porporela.jpg","type":"image\/jpeg"}],"author":"Kristijan","twitter_card":"summary_large_image","twitter_misc":{"Scritto da":"Kristijan","Tempo di lettura stimato":"1 minuto"},"schema":{"@context":"https:\/\/schema.org","@graph":[{"@type":"Article","@id":"https:\/\/novigrad.hr\/it\/novita-sulla-tariffazione-dei-parcheggi\/#article","isPartOf":{"@id":"https:\/\/novigrad.hr\/it\/novita-sulla-tariffazione-dei-parcheggi\/"},"author":{"name":"Kristijan","@id":"https:\/\/novigrad.hr\/it\/#\/schema\/person\/1d7f9a578ff9ee0271cf67753af28ae3"},"headline":"Novit\u00e0 sulla tariffazione dei parcheggi","datePublished":"2020-10-14T13:22:53+00:00","dateModified":"2022-04-26T12:16:57+00:00","mainEntityOfPage":{"@id":"https:\/\/novigrad.hr\/it\/novita-sulla-tariffazione-dei-parcheggi\/"},"wordCount":266,"publisher":{"@id":"https:\/\/novigrad.hr\/it\/#organization"},"image":{"@id":"https:\/\/novigrad.hr\/it\/novita-sulla-tariffazione-dei-parcheggi\/#primaryimage"},"thumbnailUrl":"https:\/\/novigrad.hr\/media\/2022\/03\/Parking_novosti_2020_Porporela.jpg","articleSection":["Informazioni comunali","Notizie"],"inLanguage":"it-IT"},{"@type":"WebPage","@id":"https:\/\/novigrad.hr\/it\/novita-sulla-tariffazione-dei-parcheggi\/","url":"https:\/\/novigrad.hr\/it\/novita-sulla-tariffazione-dei-parcheggi\/","name":"Novit\u00e0 sulla tariffazione dei parcheggi &#8211; Grad Novigrad-Cittanova | La Citt\u00e0 di Novigrad-Cittanova","isPartOf":{"@id":"https:\/\/novigrad.hr\/it\/#website"},"primaryImageOfPage":{"@id":"https:\/\/novigrad.hr\/it\/novita-sulla-tariffazione-dei-parcheggi\/#primaryimage"},"image":{"@id":"https:\/\/novigrad.hr\/it\/novita-sulla-tariffazione-dei-parcheggi\/#primaryimage"},"thumbnailUrl":"https:\/\/novigrad.hr\/media\/2022\/03\/Parking_novosti_2020_Porporela.jpg","datePublished":"2020-10-14T13:22:53+00:00","dateModified":"2022-04-26T12:16:57+00:00","description":"Novit\u00e0 sulla tariffazione dei parcheggi \/ Grad Novigrad-Cittanova | La Citt\u00e0 di Novigrad-Cittanova","breadcrumb":{"@id":"https:\/\/novigrad.hr\/it\/novita-sulla-tariffazione-dei-parcheggi\/#breadcrumb"},"inLanguage":"it-IT","potentialAction":[{"@type":"ReadAction","target":["https:\/\/novigrad.hr\/it\/novita-sulla-tariffazione-dei-parcheggi\/"]}]},{"@type":"ImageObject","inLanguage":"it-IT","@id":"https:\/\/novigrad.hr\/it\/novita-sulla-tariffazione-dei-parcheggi\/#primaryimage","url":"https:\/\/novigrad.hr\/media\/2022\/03\/Parking_novosti_2020_Porporela.jpg","contentUrl":"https:\/\/novigrad.hr\/media\/2022\/03\/Parking_novosti_2020_Porporela.jpg","width":1399,"height":933},{"@type":"BreadcrumbList","@id":"https:\/\/novigrad.hr\/it\/novita-sulla-tariffazione-dei-parcheggi\/#breadcrumb","itemListElement":[{"@type":"ListItem","position":1,"name":"Home","item":"https:\/\/novigrad.hr\/it\/"},{"@type":"ListItem","position":2,"name":"Informazioni comunali","item":"https:\/\/novigrad.hr\/it\/k\/informazioni-comunali\/"},{"@type":"ListItem","position":3,"name":"Novit\u00e0 sulla tariffazione dei parcheggi"}]},{"@type":"WebSite","@id":"https:\/\/novigrad.hr\/it\/#website","url":"https:\/\/novigrad.hr\/it\/","name":"Grad Novigrad-Cittanova | La Citt\u00e0 di Novigrad-Cittanova","description":"Slu\u017ebene stranice Grada Novigrad-Cittanova | Sito ufficiale della Citt\u00e0 di Novigrad - Cittanova","publisher":{"@id":"https:\/\/novigrad.hr\/it\/#organization"},"alternateName":"Grad Novigrad-Cittanova | La Citt\u00e0 di Novigrad-Cittanova","potentialAction":[{"@type":"SearchAction","target":{"@type":"EntryPoint","urlTemplate":"https:\/\/novigrad.hr\/it\/?s={search_term_string}"},"query-input":{"@type":"PropertyValueSpecification","valueRequired":true,"valueName":"search_term_string"}}],"inLanguage":"it-IT"},{"@type":"Organization","@id":"https:\/\/novigrad.hr\/it\/#organization","name":"Grad Novigrad - Cittanova","url":"https:\/\/novigrad.hr\/it\/","logo":{"@type":"ImageObject","inLanguage":"it-IT","@id":"https:\/\/novigrad.hr\/it\/#\/schema\/logo\/image\/","url":"https:\/\/novigrad.hr\/media\/2022\/03\/NG-CN-logo.png","contentUrl":"https:\/\/novigrad.hr\/media\/2022\/03\/NG-CN-logo.png","width":600,"height":100,"caption":"Grad Novigrad - Cittanova"},"image":{"@id":"https:\/\/novigrad.hr\/it\/#\/schema\/logo\/image\/"}},{"@type":"Person","@id":"https:\/\/novigrad.hr\/it\/#\/schema\/person\/1d7f9a578ff9ee0271cf67753af28ae3","name":"Kristijan"}]}},"_links":{"self":[{"href":"https:\/\/novigrad.hr\/it\/wp-json\/wp\/v2\/posts\/31642","targetHints":{"allow":["GET"]}}],"collection":[{"href":"https:\/\/novigrad.hr\/it\/wp-json\/wp\/v2\/posts"}],"about":[{"href":"https:\/\/novigrad.hr\/it\/wp-json\/wp\/v2\/types\/post"}],"author":[{"embeddable":true,"href":"https:\/\/novigrad.hr\/it\/wp-json\/wp\/v2\/users\/4"}],"replies":[{"embeddable":true,"href":"https:\/\/novigrad.hr\/it\/wp-json\/wp\/v2\/comments?post=31642"}],"version-history":[{"count":0,"href":"https:\/\/novigrad.hr\/it\/wp-json\/wp\/v2\/posts\/31642\/revisions"}],"wp:featuredmedia":[{"embeddable":true,"href":"https:\/\/novigrad.hr\/it\/wp-json\/wp\/v2\/media\/15984"}],"wp:attachment":[{"href":"https:\/\/novigrad.hr\/it\/wp-json\/wp\/v2\/media?parent=31642"}],"wp:term":[{"taxonomy":"category","embeddable":true,"href":"https:\/\/novigrad.hr\/it\/wp-json\/wp\/v2\/categories?post=31642"},{"taxonomy":"post_tag","embeddable":true,"href":"https:\/\/novigrad.hr\/it\/wp-json\/wp\/v2\/tags?post=31642"}],"curies":[{"name":"wp","href":"https:\/\/api.w.org\/{rel}","templated":true}]}}